{"id":9933,"date":"2025-07-08T11:21:12","date_gmt":"2025-07-08T11:21:12","guid":{"rendered":"https:\/\/cehas.hr\/?p=9933"},"modified":"2025-07-08T19:39:50","modified_gmt":"2025-07-08T19:39:50","slug":"summer-school-of-croatian-language-and-culture-officially-opened","status":"publish","type":"post","link":"https:\/\/cehas.hr\/en\/summer-school-of-croatian-language-and-culture-officially-opened\/","title":{"rendered":"Summer School of Croatian Language and Culture officially opened"},"content":{"rendered":"<p>[et_pb_section fb_built=&#8221;1&#8243; _builder_version=&#8221;4.27.4&#8243; _module_preset=&#8221;default&#8221; custom_padding=&#8221;||0px||false|false&#8221; global_colors_info=&#8221;{}&#8221; theme_builder_area=&#8221;post_content&#8221;][et_pb_row column_structure=&#8221;1_2,1_2&#8243; _builder_version=&#8221;4.27.4&#8243; _module_preset=&#8221;default&#8221; global_colors_info=&#8221;{}&#8221; theme_builder_area=&#8221;post_content&#8221;][et_pb_column type=&#8221;1_2&#8243; _builder_version=&#8221;4.27.4&#8243; _module_preset=&#8221;default&#8221; global_colors_info=&#8221;{}&#8221; theme_builder_area=&#8221;post_content&#8221;][et_pb_text _builder_version=&#8221;4.27.4&#8243; _module_preset=&#8221;default&#8221; header_2_font=&#8221;&#8211;et_global_heading_font|900|||||||&#8221; header_2_text_align=&#8221;center&#8221; header_2_font_size=&#8221;33px&#8221; custom_margin=&#8221;|-255px||||&#8221; global_colors_info=&#8221;{}&#8221; theme_builder_area=&#8221;post_content&#8221;]<\/p>\n<h2 style=\"text-align: left;\">Summer School of Croatian Language and Culture officially opened<\/h2>\n<p>[\/et_pb_text][\/et_pb_column][et_pb_column type=&#8221;1_2&#8243; _builder_version=&#8221;4.27.4&#8243; _module_preset=&#8221;default&#8221; global_colors_info=&#8221;{}&#8221; theme_builder_area=&#8221;post_content&#8221;][\/et_pb_column][\/et_pb_row][\/et_pb_section][et_pb_section fb_built=&#8221;1&#8243; _builder_version=&#8221;4.27.4&#8243; _module_preset=&#8221;default&#8221; custom_margin=&#8221;||||false|false&#8221; custom_padding=&#8221;0px||100px||false|false&#8221; global_colors_info=&#8221;{}&#8221; theme_builder_area=&#8221;post_content&#8221;][et_pb_row _builder_version=&#8221;4.27.4&#8243; _module_preset=&#8221;default&#8221; custom_padding=&#8221;25px|||0px||&#8221; global_colors_info=&#8221;{}&#8221; theme_builder_area=&#8221;post_content&#8221;][et_pb_column type=&#8221;4_4&#8243; _builder_version=&#8221;4.27.4&#8243; _module_preset=&#8221;default&#8221; global_colors_info=&#8221;{}&#8221; theme_builder_area=&#8221;post_content&#8221;][et_pb_text _builder_version=&#8221;4.27.4&#8243; _module_preset=&#8221;default&#8221; text_font=&#8221;&#8211;et_global_body_font||||||||&#8221; text_text_color=&#8221;rgba(0,0,0,0.6)&#8221; text_font_size=&#8221;17px&#8221; text_line_height=&#8221;1.8em&#8221; link_font=&#8221;&#8211;et_global_body_font||||on||||&#8221; link_text_color=&#8221;#2B77C8&#8243; text_orientation=&#8221;justified&#8221; custom_padding=&#8221;||29px|||&#8221; text_font_size_tablet=&#8221;15px&#8221; text_font_size_phone=&#8221;14px&#8221; text_font_size_last_edited=&#8221;on|desktop&#8221; global_colors_info=&#8221;{}&#8221; theme_builder_area=&#8221;post_content&#8221;]<\/p>\n<p>At the Center for Croatian Studies Abroad (CEHAS), Faculty of Humanities and Social Sciences, University of Split on 30 June 2025 The Summer School of Croatian Language and Culture was officially opened<\/p>\n<p>On behalf of the Faculty, Associate Professor Dr. Nik\u0161a Varezi\u0107, Vice Dean for Research and International Cooperation, welcomed the participants, expressing his warm greetings and encouraging them to immerse themselves in the Croatian language and culture, not only by learning the language but also by getting to know Croatian customs and traditions. He thanked them for choosing the Faculty of Humanities and Social Sciences in Split.<br \/>The participants were also welcomed by the Head of CEHAS, Dr. Josipa Korljan Be\u0161li\u0107, who introduced them to the work of the Center. She emphasized that the Summer School of Croatian Language and Culture has been bringing together participants from all over the world since 2007\u2014those eager to deepen their understanding of the Croatian language and culture.<br \/>This year, the Summer School is organized into three groups based on language proficiency levels, led by lecturers Ina Biloni\u0107, Nevena \u010cudina Tur\u010dinov, and Lucija Bradari\u0107. In addition to the intensive three-week course in Croatian language and culture, the program includes visits to museums and galleries, as well as field classes, which will take place this year on the island of Bra\u010d.       <\/p>\n<p>&nbsp;<\/p>\n<p><img loading=\"lazy\" decoding=\"async\" src=\"https:\/\/cehas.hr\/wp-content\/uploads\/2025\/07\/IMG-20250630-WA0006-300x225.jpg\" width=\"367\" height=\"275\" alt=\"\" class=\"wp-image-9918 alignnone size-medium\" style=\"display: block; margin-left: auto; margin-right: auto;\"><img loading=\"lazy\" decoding=\"async\" src=\"https:\/\/cehas.hr\/wp-content\/uploads\/2025\/07\/IMG-20250630-WA0005-300x225.jpg\" width=\"368\" height=\"276\" alt=\"\" class=\"wp-image-9922 alignnone size-medium\" style=\"display: block; margin-left: auto; margin-right: auto;\"><\/p>\n<p>Following an introductory meet-and-greet over coffee and pastries, participants began their lessons.<br \/>We wish our participants great success and thank them for their interest in learning the Croatian language and culture! <\/p>\n<p>&nbsp;<\/p>\n<p><img loading=\"lazy\" decoding=\"async\" src=\"https:\/\/cehas.hr\/wp-content\/uploads\/2025\/07\/IMG-20250630-WA0004-225x300.jpg\" width=\"248\" height=\"331\" alt=\"\" class=\"wp-image-9920 alignnone size-medium\" style=\"display: block; margin-left: auto; margin-right: auto;\"><\/p>\n<p>[\/et_pb_text][\/et_pb_column][\/et_pb_row][\/et_pb_section]<\/p>\n","protected":false},"excerpt":{"rendered":"<p>Summer School of Croatian Language and Culture officially openedAt the Center for Croatian Studies Abroad (CEHAS), Faculty of Humanities and Social Sciences, University of Split on 30 June 2025 The Summer School of Croatian Language and Culture was officially opened On behalf of the Faculty, Associate Professor Dr. Nik\u0161a Varezi\u0107, Vice Dean for Research and [&hellip;]<\/p>\n","protected":false},"author":1,"featured_media":0,"comment_status":"open","ping_status":"open","sticky":false,"template":"","format":"standard","meta":{"_et_pb_use_builder":"on","_et_pb_old_content":"","_et_gb_content_width":"","footnotes":""},"categories":[28],"tags":[],"dipi_cpt_category":[],"class_list":["post-9933","post","type-post","status-publish","format-standard","hentry","category-news"],"_links":{"self":[{"href":"https:\/\/cehas.hr\/en\/wp-json\/wp\/v2\/posts\/9933","targetHints":{"allow":["GET"]}}],"collection":[{"href":"https:\/\/cehas.hr\/en\/wp-json\/wp\/v2\/posts"}],"about":[{"href":"https:\/\/cehas.hr\/en\/wp-json\/wp\/v2\/types\/post"}],"author":[{"embeddable":true,"href":"https:\/\/cehas.hr\/en\/wp-json\/wp\/v2\/users\/1"}],"replies":[{"embeddable":true,"href":"https:\/\/cehas.hr\/en\/wp-json\/wp\/v2\/comments?post=9933"}],"version-history":[{"count":12,"href":"https:\/\/cehas.hr\/en\/wp-json\/wp\/v2\/posts\/9933\/revisions"}],"predecessor-version":[{"id":9949,"href":"https:\/\/cehas.hr\/en\/wp-json\/wp\/v2\/posts\/9933\/revisions\/9949"}],"wp:attachment":[{"href":"https:\/\/cehas.hr\/en\/wp-json\/wp\/v2\/media?parent=9933"}],"wp:term":[{"taxonomy":"category","embeddable":true,"href":"https:\/\/cehas.hr\/en\/wp-json\/wp\/v2\/categories?post=9933"},{"taxonomy":"post_tag","embeddable":true,"href":"https:\/\/cehas.hr\/en\/wp-json\/wp\/v2\/tags?post=9933"},{"taxonomy":"dipi_cpt_category","embeddable":true,"href":"https:\/\/cehas.hr\/en\/wp-json\/wp\/v2\/dipi_cpt_category?post=9933"}],"curies":[{"name":"wp","href":"https:\/\/api.w.org\/{rel}","templated":true}]}}