{"id":10074,"date":"2025-12-05T14:23:09","date_gmt":"2025-12-05T14:23:09","guid":{"rendered":"https:\/\/cehas.hr\/scholarship-students-day-of-the-ministry-of-demography-and-imigration-at-the-faculty-of-humanities-and-social-sciences-in-split\/"},"modified":"2025-12-05T14:41:34","modified_gmt":"2025-12-05T14:41:34","slug":"scholarship-students-day-of-the-ministry-of-demography-and-imigration-at-the-faculty-of-humanities-and-social-sciences-in-split","status":"publish","type":"post","link":"https:\/\/cehas.hr\/en\/scholarship-students-day-of-the-ministry-of-demography-and-imigration-at-the-faculty-of-humanities-and-social-sciences-in-split\/","title":{"rendered":"Scholarship Students\u2019 Day of the Ministry of Demography and Immigration at the Faculty Of Humanities and Social Sciences in Split"},"content":{"rendered":"<p>[et_pb_section fb_built=&#8221;1&#8243; _builder_version=&#8221;4.27.4&#8243; _module_preset=&#8221;default&#8221; custom_padding=&#8221;||0px||false|false&#8221; global_colors_info=&#8221;{}&#8221; theme_builder_area=&#8221;post_content&#8221;][\/et_pb_section][et_pb_section fb_built=&#8221;1&#8243; _builder_version=&#8221;4.27.4&#8243; _module_preset=&#8221;default&#8221; custom_margin=&#8221;||||false|false&#8221; custom_padding=&#8221;0px||100px||false|false&#8221; global_colors_info=&#8221;{}&#8221; theme_builder_area=&#8221;post_content&#8221;][et_pb_row _builder_version=&#8221;4.27.4&#8243; _module_preset=&#8221;default&#8221; custom_padding=&#8221;25px|||0px||&#8221; global_colors_info=&#8221;{}&#8221; theme_builder_area=&#8221;post_content&#8221;][et_pb_column type=&#8221;4_4&#8243; _builder_version=&#8221;4.27.4&#8243; _module_preset=&#8221;default&#8221; global_colors_info=&#8221;{}&#8221; theme_builder_area=&#8221;post_content&#8221;][et_pb_text _builder_version=&#8221;4.27.4&#8243; _module_preset=&#8221;default&#8221; text_font=&#8221;&#8211;et_global_body_font||||||||&#8221; text_text_color=&#8221;rgba(0,0,0,0.6)&#8221; text_font_size=&#8221;17px&#8221; text_line_height=&#8221;1.8em&#8221; link_font=&#8221;&#8211;et_global_body_font||||on||||&#8221; link_text_color=&#8221;#2B77C8&#8243; text_orientation=&#8221;justified&#8221; custom_padding=&#8221;||29px|||&#8221; text_font_size_tablet=&#8221;15px&#8221; text_font_size_phone=&#8221;14px&#8221; text_font_size_last_edited=&#8221;on|desktop&#8221; global_colors_info=&#8221;{}&#8221; theme_builder_area=&#8221;post_content&#8221; custom_margin=&#8221;-127px|||||&#8221;]<\/p>\n<p><span style=\"font-size: xx-large; color: #001514;\"><strong>Scholarship Students\u2019 Day of the Ministry of Demography and Immigration at the Faculty Of Humanities and Social Sciences in Split<\/strong><\/span><\/p>\n<p>&nbsp;<\/p>\n<p>&nbsp;<\/p>\n<p>At the Centre for Croatian Studies Abroad of the Faculty of Humanities and Social Sciences in Split, Croatian language and culture are studied by numerous participants, among them 55 scholarship students who are descendants of Croatian families from various parts of the world, mostly from South America. Their study of the Croatian language is subsidised by the Ministry of Demography and Immigration. With the aim of fostering mutual connection and welcoming the scholarship recipients, the Scholarship Students\u2019 Day was held on 1 December. To strengthen interculturality and integration, Croatian students were also included in the programme. The day began with a gathering at the Peristyle, in the heart of the old town. Participants were divided into mixed groups and embarked on the Split Fun Scavenger Hunt, an interactive workshop that guided them, through riddles and clues, to both well-known and lesser-known locations and stories from Split\u2019s cultural heritage. Upon completing the workshop, during which the scholarship students proved to be remarkably well-informed and true enthusiasts of Croatian culture and history, they had lunch together in a traditional Split tavern. While enjoying Dalmatian specialities in a relaxed atmosphere, they exchanged impressions and further strengthened their connections. After lunch, they returned to the Faculty building, where they were addressed by County Deputy Prefect Stipe \u010cogelja, Vice-Rector Prof. Nik\u0161a Jajac, PhD, on behalf of the Dean, Prof. Dr. Ina Rei\u0107 Ercegovac, Associate Prof. Dr. Vedran Barbari\u0107, Vice Dean for Finance and Business, and the Head of the Center, Dr. Josipa Korljan Be\u0161li\u0107. In their addresses, they expressed satisfaction with the students\u2019 arrival in the homeland of their ancestors and emphasised their hope that some of them would choose to build their future personal and professional lives in Croatia. Participants then attended an engaging lecture entitled \u201cKlapa and Neoklapa \u2013 Cultural Heritage and Nation Branding\u201d, delivered by Assistant Professor Eni Buljuba\u0161i\u0107, PhD. The gathering concluded in a creative and relaxed atmosphere with an art workshop led by academic painters, and each participant took home their own painting of Split\u2019s Riva as a memento of the day.                   <\/p>\n<p><span style=\"font-size: 17px;\"><img loading=\"lazy\" decoding=\"async\" src=\"https:\/\/cehas.hr\/wp-content\/uploads\/2025\/12\/WhatsApp-Image-2025-12-04-at-10.03.44-225x300.jpeg\" width=\"221\" height=\"294\" alt=\"\" class=\"wp-image-10058 alignnone size-medium\" style=\"display: block; margin-left: auto; margin-right: auto;\"><img loading=\"lazy\" decoding=\"async\" src=\"https:\/\/cehas.hr\/wp-content\/uploads\/2025\/12\/WhatsApp-Image-2025-12-04-at-10.03.44-2-225x300.jpeg\" width=\"224\" height=\"299\" alt=\"\" class=\"wp-image-10062 alignnone size-medium\" style=\"display: block; margin-left: auto; margin-right: auto;\"><\/span><\/p>\n<p><span style=\"font-size: 17px;\"><img loading=\"lazy\" decoding=\"async\" src=\"https:\/\/cehas.hr\/wp-content\/uploads\/2025\/12\/WhatsApp-Image-2025-12-04-at-10.03.44-1-300x225.jpeg\" width=\"399\" height=\"299\" alt=\"\" class=\"wp-image-10064 alignnone size-medium\" style=\"display: block; margin-left: auto; margin-right: auto;\">  <img loading=\"lazy\" decoding=\"async\" src=\"https:\/\/cehas.hr\/wp-content\/uploads\/2025\/12\/WhatsApp-Image-2025-12-04-at-10.03.44-3-225x300.jpeg\" width=\"238\" height=\"317\" alt=\"\" class=\"wp-image-10060 alignnone size-medium\" style=\"display: block; margin-left: auto; margin-right: auto;\">  <\/span><span style=\"font-size: 17px;\"> <\/span><span style=\"font-size: 17px;\"> <\/span><\/p>\n<p>[\/et_pb_text][\/et_pb_column][\/et_pb_row][\/et_pb_section]<\/p>\n","protected":false},"excerpt":{"rendered":"<p>Scholarship Students\u2019 Day of the Ministry of Demography and Immigration at the Faculty Of Humanities and Social Sciences in Split &nbsp; &nbsp; At the Centre for Croatian Studies Abroad of the Faculty of Humanities and Social Sciences in Split, Croatian language and culture are studied by numerous participants, among them 55 scholarship students who are [&hellip;]<\/p>\n","protected":false},"author":1,"featured_media":0,"comment_status":"open","ping_status":"open","sticky":false,"template":"","format":"standard","meta":{"_et_pb_use_builder":"on","_et_pb_old_content":"","_et_gb_content_width":"","footnotes":""},"categories":[28,13],"tags":[],"dipi_cpt_category":[],"class_list":["post-10074","post","type-post","status-publish","format-standard","hentry","category-news","category-uncategorized"],"_links":{"self":[{"href":"https:\/\/cehas.hr\/en\/wp-json\/wp\/v2\/posts\/10074","targetHints":{"allow":["GET"]}}],"collection":[{"href":"https:\/\/cehas.hr\/en\/wp-json\/wp\/v2\/posts"}],"about":[{"href":"https:\/\/cehas.hr\/en\/wp-json\/wp\/v2\/types\/post"}],"author":[{"embeddable":true,"href":"https:\/\/cehas.hr\/en\/wp-json\/wp\/v2\/users\/1"}],"replies":[{"embeddable":true,"href":"https:\/\/cehas.hr\/en\/wp-json\/wp\/v2\/comments?post=10074"}],"version-history":[{"count":5,"href":"https:\/\/cehas.hr\/en\/wp-json\/wp\/v2\/posts\/10074\/revisions"}],"predecessor-version":[{"id":10082,"href":"https:\/\/cehas.hr\/en\/wp-json\/wp\/v2\/posts\/10074\/revisions\/10082"}],"wp:attachment":[{"href":"https:\/\/cehas.hr\/en\/wp-json\/wp\/v2\/media?parent=10074"}],"wp:term":[{"taxonomy":"category","embeddable":true,"href":"https:\/\/cehas.hr\/en\/wp-json\/wp\/v2\/categories?post=10074"},{"taxonomy":"post_tag","embeddable":true,"href":"https:\/\/cehas.hr\/en\/wp-json\/wp\/v2\/tags?post=10074"},{"taxonomy":"dipi_cpt_category","embeddable":true,"href":"https:\/\/cehas.hr\/en\/wp-json\/wp\/v2\/dipi_cpt_category?post=10074"}],"curies":[{"name":"wp","href":"https:\/\/api.w.org\/{rel}","templated":true}]}}